{"id":3314,"date":"2024-07-30T10:00:00","date_gmt":"2024-07-30T08:00:00","guid":{"rendered":"https:\/\/quad-marbella.es\/?p=3314"},"modified":"2024-07-25T12:16:16","modified_gmt":"2024-07-25T10:16:16","slug":"guide-pour-combiner-detente-et-aventure-a-marbella","status":"publish","type":"post","link":"https:\/\/quad-marbella.es\/fr\/guide-pour-combiner-detente-et-aventure-a-marbella\/","title":{"rendered":"Guide pour Combiner D\u00e9tente et Aventure \u00e0 Marbella : Conseils pour une Exp\u00e9rience de Vacances Compl\u00e8te"},"content":{"rendered":"\t\t<div data-elementor-type=\"wp-post\" data-elementor-id=\"3314\" class=\"elementor elementor-3314\" data-elementor-post-type=\"post\">\n\t\t\t\t\t\t\t\t\t<section data-particle_enable=\"false\" data-particle-mobile-disabled=\"false\" class=\"elementor-section elementor-top-section elementor-element elementor-element-066cb2f elementor-section-full_width elementor-section-height-default elementor-section-height-default\" data-id=\"066cb2f\" data-element_type=\"section\">\n\t\t\t\t\t\t<div class=\"elementor-container elementor-column-gap-default\">\n\t\t\t\t\t<div class=\"elementor-column elementor-col-100 elementor-top-column elementor-element elementor-element-69fdfe0\" data-id=\"69fdfe0\" data-element_type=\"column\">\n\t\t\t<div class=\"elementor-widget-wrap\">\n\t\t\t\t\t\t\t\t\t<\/div>\n\t\t<\/div>\n\t\t\t\t\t\t\t<\/div>\n\t\t<\/section>\n\t\t\t\t<section data-particle_enable=\"false\" data-particle-mobile-disabled=\"false\" class=\"elementor-section elementor-top-section elementor-element elementor-element-89ee392 elementor-section-boxed elementor-section-height-default elementor-section-height-default\" data-id=\"89ee392\" data-element_type=\"section\">\n\t\t\t\t\t\t<div class=\"elementor-container elementor-column-gap-default\">\n\t\t\t\t\t<div class=\"elementor-column elementor-col-100 elementor-top-column elementor-element elementor-element-9baebc2\" data-id=\"9baebc2\" data-element_type=\"column\">\n\t\t\t<div class=\"elementor-widget-wrap elementor-element-populated\">\n\t\t\t\t\t\t\t\t<div class=\"elementor-element elementor-element-c3aecd9 elementor-widget-mobile__width-initial elementor--v-position-bottom elementor--h-position-center elementor-arrows-position-inside elementor-pagination-position-inside elementor-widget elementor-widget-slides\" data-id=\"c3aecd9\" data-element_type=\"widget\" data-settings=\"{&quot;navigation&quot;:&quot;both&quot;,&quot;autoplay&quot;:&quot;yes&quot;,&quot;pause_on_hover&quot;:&quot;yes&quot;,&quot;pause_on_interaction&quot;:&quot;yes&quot;,&quot;autoplay_speed&quot;:5000,&quot;infinite&quot;:&quot;yes&quot;,&quot;transition&quot;:&quot;slide&quot;,&quot;transition_speed&quot;:500}\" data-widget_type=\"slides.default\">\n\t\t\t\t<div class=\"elementor-widget-container\">\n\t\t\t<style>\/*! elementor-pro - v3.14.0 - 26-06-2023 *\/\n.elementor-slides .swiper-slide-bg{background-size:cover;background-position:50%;background-repeat:no-repeat;min-width:100%;min-height:100%}.elementor-slides .swiper-slide-inner{background-repeat:no-repeat;background-position:50%;position:absolute;top:0;left:0;bottom:0;right:0;padding:50px;margin:auto}.elementor-slides .swiper-slide-inner,.elementor-slides .swiper-slide-inner:hover{color:#fff;display:flex}.elementor-slides .swiper-slide-inner .elementor-background-overlay{position:absolute;z-index:0;top:0;bottom:0;left:0;right:0}.elementor-slides .swiper-slide-inner .elementor-slide-content{position:relative;z-index:1;width:100%}.elementor-slides .swiper-slide-inner .elementor-slide-heading{font-size:35px;font-weight:700;line-height:1}.elementor-slides .swiper-slide-inner .elementor-slide-description{font-size:17px;line-height:1.4}.elementor-slides .swiper-slide-inner .elementor-slide-description:not(:last-child),.elementor-slides .swiper-slide-inner .elementor-slide-heading:not(:last-child){margin-bottom:30px}.elementor-slides .swiper-slide-inner .elementor-slide-button{border:2px solid #fff;color:#fff;background:transparent;display:inline-block}.elementor-slides .swiper-slide-inner .elementor-slide-button,.elementor-slides .swiper-slide-inner .elementor-slide-button:hover{background:transparent;color:inherit;text-decoration:none}.elementor--v-position-top .swiper-slide-inner{align-items:flex-start}.elementor--v-position-bottom .swiper-slide-inner{align-items:flex-end}.elementor--v-position-middle .swiper-slide-inner{align-items:center}.elementor--h-position-left .swiper-slide-inner{justify-content:flex-start}.elementor--h-position-right .swiper-slide-inner{justify-content:flex-end}.elementor--h-position-center .swiper-slide-inner{justify-content:center}body.rtl .elementor-widget-slides .elementor-swiper-button-next{left:10px;right:auto}body.rtl .elementor-widget-slides .elementor-swiper-button-prev{right:10px;left:auto}.elementor-slides-wrapper div:not(.swiper-slide)>.swiper-slide-inner{display:none}@media (max-width:767px){.elementor-slides .swiper-slide-inner{padding:30px}.elementor-slides .swiper-slide-inner .elementor-slide-heading{font-size:23px;line-height:1;margin-bottom:15px}.elementor-slides .swiper-slide-inner .elementor-slide-description{font-size:13px;line-height:1.4;margin-bottom:15px}}<\/style>\t\t<div class=\"elementor-swiper\">\n\t\t\t<div class=\"elementor-slides-wrapper elementor-main-swiper swiper-container\" dir=\"ltr\" data-animation=\"fadeInUp\">\n\t\t\t\t<div class=\"swiper-wrapper elementor-slides\">\n\t\t\t\t\t\t\t\t\t\t<div class=\"elementor-repeater-item-739a629 swiper-slide\"><div class=\"swiper-slide-bg\" role=\"img\"><\/div><div class=\"swiper-slide-inner\" ><div class=\"swiper-slide-contents\"><div class=\"elementor-slide-heading\">Pourquoi Notre Excursion en Quad est un Must \u00e0 Marbella en Toute Saison<\/div><\/div><\/div><\/div>\t\t\t\t<\/div>\n\t\t\t\t\t\t\t<\/div>\n\t\t<\/div>\n\t\t\t\t<\/div>\n\t\t\t\t<\/div>\n\t\t\t\t<div class=\"elementor-element elementor-element-3cf7661 elementor-widget elementor-widget-heading\" data-id=\"3cf7661\" data-element_type=\"widget\" data-widget_type=\"heading.default\">\n\t\t\t\t<div class=\"elementor-widget-container\">\n\t\t\t<style>\/*! elementor - v3.14.0 - 26-06-2023 *\/\n.elementor-heading-title{padding:0;margin:0;line-height:1}.elementor-widget-heading .elementor-heading-title[class*=elementor-size-]>a{color:inherit;font-size:inherit;line-height:inherit}.elementor-widget-heading .elementor-heading-title.elementor-size-small{font-size:15px}.elementor-widget-heading .elementor-heading-title.elementor-size-medium{font-size:19px}.elementor-widget-heading .elementor-heading-title.elementor-size-large{font-size:29px}.elementor-widget-heading .elementor-heading-title.elementor-size-xl{font-size:39px}.elementor-widget-heading .elementor-heading-title.elementor-size-xxl{font-size:59px}<\/style><h2 class=\"elementor-heading-title elementor-size-default\">Marbella, avec son m\u00e9lange s\u00e9duisant de plages relaxantes et de terrains accident\u00e9s, offre le cadre parfait pour des vacances qui combinent d\u00e9tente et aventure. Pour ceux qui cherchent \u00e0 maximiser \u00e0 la fois la tranquillit\u00e9 et l'excitation, voici un guide pratique pour \u00e9quilibrer les journ\u00e9es de farniente \u00e0 la plage avec les aventures dynamiques en quad.<\/h2>\t\t<\/div>\n\t\t\t\t<\/div>\n\t\t\t\t<div class=\"elementor-element elementor-element-3c7b889 elementor-widget elementor-widget-heading\" data-id=\"3c7b889\" data-element_type=\"widget\" data-widget_type=\"heading.default\">\n\t\t\t\t<div class=\"elementor-widget-container\">\n\t\t\t<h3 class=\"elementor-heading-title elementor-size-default\">Planification de votre S\u00e9jour\n\n\n<\/h3>\t\t<\/div>\n\t\t\t\t<\/div>\n\t\t\t\t<div class=\"elementor-element elementor-element-7922845 elementor-widget elementor-widget-text-editor\" data-id=\"7922845\" data-element_type=\"widget\" data-widget_type=\"text-editor.default\">\n\t\t\t\t<div class=\"elementor-widget-container\">\n\t\t\t<style>\/*! elementor - v3.14.0 - 26-06-2023 *\/\n.elementor-widget-text-editor.elementor-drop-cap-view-stacked .elementor-drop-cap{background-color:#69727d;color:#fff}.elementor-widget-text-editor.elementor-drop-cap-view-framed .elementor-drop-cap{color:#69727d;border:3px solid;background-color:transparent}.elementor-widget-text-editor:not(.elementor-drop-cap-view-default) .elementor-drop-cap{margin-top:8px}.elementor-widget-text-editor:not(.elementor-drop-cap-view-default) .elementor-drop-cap-letter{width:1em;height:1em}.elementor-widget-text-editor .elementor-drop-cap{float:left;text-align:center;line-height:1;font-size:50px}.elementor-widget-text-editor .elementor-drop-cap-letter{display:inline-block}<\/style>\t\t\t\t<p>Pour tirer le meilleur parti de votre s\u00e9jour \u00e0 Marbella, une bonne planification est essentielle. Alternez vos jours entre d\u00e9tente et aventure pour permettre \u00e0 votre corps de se reposer apr\u00e8s l&rsquo;excitation du quad.<\/p>\t\t\t\t\t\t<\/div>\n\t\t\t\t<\/div>\n\t\t\t\t<div class=\"elementor-element elementor-element-98188a0 elementor-widget elementor-widget-heading\" data-id=\"98188a0\" data-element_type=\"widget\" data-widget_type=\"heading.default\">\n\t\t\t\t<div class=\"elementor-widget-container\">\n\t\t\t<h3 class=\"elementor-heading-title elementor-size-default\">D\u00e9tente \u00e0 la Plage\n\n\n<\/h3>\t\t<\/div>\n\t\t\t\t<\/div>\n\t\t\t\t<div class=\"elementor-element elementor-element-f804b92 elementor-widget elementor-widget-text-editor\" data-id=\"f804b92\" data-element_type=\"widget\" data-widget_type=\"text-editor.default\">\n\t\t\t\t<div class=\"elementor-widget-container\">\n\t\t\t\t\t\t\t<p>Commencez votre s\u00e9jour avec une journ\u00e9e de d\u00e9tente \u00e0 la plage pour vous acclimater \u00e0 l&rsquo;environnement et r\u00e9cup\u00e9rer du voyage. Marbella offre une multitude de plages magnifiques, des \u00e9tendues tranquilles de sable fin aux criques isol\u00e9es. Profitez du soleil, baignez-vous dans les eaux cristallines de la M\u00e9diterran\u00e9e, et laissez le rythme tranquille de la mer vous mettre dans l&rsquo;ambiance des vacances.<\/p>\t\t\t\t\t\t<\/div>\n\t\t\t\t<\/div>\n\t\t\t\t<div class=\"elementor-element elementor-element-24c7dcc elementor-widget elementor-widget-image\" data-id=\"24c7dcc\" data-element_type=\"widget\" data-widget_type=\"image.default\">\n\t\t\t\t<div class=\"elementor-widget-container\">\n\t\t\t<style>\/*! elementor - v3.14.0 - 26-06-2023 *\/\n.elementor-widget-image{text-align:center}.elementor-widget-image a{display:inline-block}.elementor-widget-image a img[src$=\".svg\"]{width:48px}.elementor-widget-image img{vertical-align:middle;display:inline-block}<\/style>\t\t\t\t\t\t\t\t\t\t\t\t<img loading=\"lazy\" decoding=\"async\" width=\"768\" height=\"1024\" src=\"https:\/\/quad-marbella.es\/wp-content\/uploads\/2024\/07\/IMG_0532-2-768x1024.jpg\" class=\"attachment-large size-large wp-image-3322\" alt=\"balade en quad chez Quad Marbella\" srcset=\"https:\/\/quad-marbella.es\/wp-content\/uploads\/2024\/07\/IMG_0532-2-768x1024.jpg 768w, https:\/\/quad-marbella.es\/wp-content\/uploads\/2024\/07\/IMG_0532-2-225x300.jpg 225w, https:\/\/quad-marbella.es\/wp-content\/uploads\/2024\/07\/IMG_0532-2-1152x1536.jpg 1152w, https:\/\/quad-marbella.es\/wp-content\/uploads\/2024\/07\/IMG_0532-2-1536x2048.jpg 1536w, https:\/\/quad-marbella.es\/wp-content\/uploads\/2024\/07\/IMG_0532-2-600x800.jpg 600w, https:\/\/quad-marbella.es\/wp-content\/uploads\/2024\/07\/IMG_0532-2-scaled.jpg 1920w\" sizes=\"auto, (max-width: 768px) 100vw, 768px\" \/>\t\t\t\t\t\t\t\t\t\t\t\t\t\t\t<\/div>\n\t\t\t\t<\/div>\n\t\t\t\t<div class=\"elementor-element elementor-element-9fc4c31 elementor-widget elementor-widget-heading\" data-id=\"9fc4c31\" data-element_type=\"widget\" data-widget_type=\"heading.default\">\n\t\t\t\t<div class=\"elementor-widget-container\">\n\t\t\t<h3 class=\"elementor-heading-title elementor-size-default\">Aventure en Quad\n<\/h3>\t\t<\/div>\n\t\t\t\t<\/div>\n\t\t\t\t<div class=\"elementor-element elementor-element-52c560e elementor-widget elementor-widget-text-editor\" data-id=\"52c560e\" data-element_type=\"widget\" data-widget_type=\"text-editor.default\">\n\t\t\t\t<div class=\"elementor-widget-container\">\n\t\t\t\t\t\t\t<p>Apr\u00e8s une journ\u00e9e de relaxation, pr\u00e9parez-vous pour l&rsquo;aventure. Les excursions en quad sont une excellente mani\u00e8re de d\u00e9couvrir l&rsquo;arri\u00e8re-pays de Marbella. Explorez les montagnes, les for\u00eats et les terrains ruraux qui offrent des vues spectaculaires et un frisson d&rsquo;aventure. Les circuits peuvent varier en difficult\u00e9, donc choisissez un parcours qui correspond \u00e0 votre niveau d&rsquo;exp\u00e9rience et d&rsquo;endurance.<\/p>\t\t\t\t\t\t<\/div>\n\t\t\t\t<\/div>\n\t\t\t\t\t<\/div>\n\t\t<\/div>\n\t\t\t\t\t\t\t<\/div>\n\t\t<\/section>\n\t\t\t\t<section data-particle_enable=\"false\" data-particle-mobile-disabled=\"false\" class=\"elementor-section elementor-top-section elementor-element elementor-element-c3837fe elementor-section-boxed elementor-section-height-default elementor-section-height-default\" data-id=\"c3837fe\" data-element_type=\"section\">\n\t\t\t\t\t\t<div class=\"elementor-container elementor-column-gap-default\">\n\t\t\t\t\t<div class=\"elementor-column elementor-col-100 elementor-top-column elementor-element elementor-element-5aff9bc\" data-id=\"5aff9bc\" data-element_type=\"column\">\n\t\t\t<div class=\"elementor-widget-wrap elementor-element-populated\">\n\t\t\t\t\t\t\t\t<div class=\"elementor-element elementor-element-eb8543d elementor-widget elementor-widget-heading\" data-id=\"eb8543d\" data-element_type=\"widget\" data-widget_type=\"heading.default\">\n\t\t\t\t<div class=\"elementor-widget-container\">\n\t\t\t<h3 class=\"elementor-heading-title elementor-size-default\">Conseils pour un \u00c9quilibre Parfait\n<\/h3>\t\t<\/div>\n\t\t\t\t<\/div>\n\t\t\t\t<div class=\"elementor-element elementor-element-83c9e29 elementor-widget elementor-widget-text-editor\" data-id=\"83c9e29\" data-element_type=\"widget\" data-widget_type=\"text-editor.default\">\n\t\t\t\t<div class=\"elementor-widget-container\">\n\t\t\t\t\t\t\t<p>Veillez \u00e0 bien vous hydrater et \u00e0 manger \u00e9quilibr\u00e9 tout au long de votre s\u00e9jour. Les journ\u00e9es d&rsquo;aventure, en particulier, n\u00e9cessitent un apport suffisant en eau et une alimentation riche en \u00e9nergie. Pensez \u00e0 emporter des snacks sains comme des fruits secs ou des barres \u00e9nerg\u00e9tiques lors de vos excursions en quad.<\/p>\t\t\t\t\t\t<\/div>\n\t\t\t\t<\/div>\n\t\t\t\t<div class=\"elementor-element elementor-element-bdaaa11 elementor-widget elementor-widget-image\" data-id=\"bdaaa11\" data-element_type=\"widget\" data-widget_type=\"image.default\">\n\t\t\t\t<div class=\"elementor-widget-container\">\n\t\t\t\t\t\t\t\t\t\t\t\t\t\t\t<img loading=\"lazy\" decoding=\"async\" width=\"768\" height=\"1024\" src=\"https:\/\/quad-marbella.es\/wp-content\/uploads\/2024\/07\/IMG_0852-2-768x1024.jpg\" class=\"attachment-large size-large wp-image-3325\" alt=\"balade en quad en couple avec Quad Marbella SL\" srcset=\"https:\/\/quad-marbella.es\/wp-content\/uploads\/2024\/07\/IMG_0852-2-768x1024.jpg 768w, https:\/\/quad-marbella.es\/wp-content\/uploads\/2024\/07\/IMG_0852-2-225x300.jpg 225w, https:\/\/quad-marbella.es\/wp-content\/uploads\/2024\/07\/IMG_0852-2-1152x1536.jpg 1152w, https:\/\/quad-marbella.es\/wp-content\/uploads\/2024\/07\/IMG_0852-2-1536x2048.jpg 1536w, https:\/\/quad-marbella.es\/wp-content\/uploads\/2024\/07\/IMG_0852-2-600x800.jpg 600w, https:\/\/quad-marbella.es\/wp-content\/uploads\/2024\/07\/IMG_0852-2-scaled.jpg 1920w\" sizes=\"auto, (max-width: 768px) 100vw, 768px\" \/>\t\t\t\t\t\t\t\t\t\t\t\t\t\t\t<\/div>\n\t\t\t\t<\/div>\n\t\t\t\t<div class=\"elementor-element elementor-element-e1c04fc elementor-widget elementor-widget-heading\" data-id=\"e1c04fc\" data-element_type=\"widget\" data-widget_type=\"heading.default\">\n\t\t\t\t<div class=\"elementor-widget-container\">\n\t\t\t<h3 class=\"elementor-heading-title elementor-size-default\">Protection Solaire\n<\/h3>\t\t<\/div>\n\t\t\t\t<\/div>\n\t\t\t\t<div class=\"elementor-element elementor-element-d86b44f elementor-widget elementor-widget-text-editor\" data-id=\"d86b44f\" data-element_type=\"widget\" data-widget_type=\"text-editor.default\">\n\t\t\t\t<div class=\"elementor-widget-container\">\n\t\t\t\t\t\t\t<p>Que vous passiez la journ\u00e9e \u00e0 la plage ou en quad, la protection solaire est cruciale. Utilisez un \u00e9cran solaire \u00e0 large spectre, portez des chapeaux et des lunettes de soleil pour vous prot\u00e9ger du soleil ardent de Marbella.<\/p>\t\t\t\t\t\t<\/div>\n\t\t\t\t<\/div>\n\t\t\t\t<div class=\"elementor-element elementor-element-0db463c elementor-widget elementor-widget-image\" data-id=\"0db463c\" data-element_type=\"widget\" data-widget_type=\"image.default\">\n\t\t\t\t<div class=\"elementor-widget-container\">\n\t\t\t\t\t\t\t\t\t\t\t\t\t\t\t<img loading=\"lazy\" decoding=\"async\" width=\"768\" height=\"1024\" src=\"https:\/\/quad-marbella.es\/wp-content\/uploads\/2024\/07\/IMG_9811-2-768x1024.jpg\" class=\"attachment-large size-large wp-image-3328\" alt=\"Balade entre amis avec Quad Marbella SL\" srcset=\"https:\/\/quad-marbella.es\/wp-content\/uploads\/2024\/07\/IMG_9811-2-768x1024.jpg 768w, https:\/\/quad-marbella.es\/wp-content\/uploads\/2024\/07\/IMG_9811-2-225x300.jpg 225w, https:\/\/quad-marbella.es\/wp-content\/uploads\/2024\/07\/IMG_9811-2-1152x1536.jpg 1152w, https:\/\/quad-marbella.es\/wp-content\/uploads\/2024\/07\/IMG_9811-2-1536x2048.jpg 1536w, https:\/\/quad-marbella.es\/wp-content\/uploads\/2024\/07\/IMG_9811-2-600x800.jpg 600w, https:\/\/quad-marbella.es\/wp-content\/uploads\/2024\/07\/IMG_9811-2-scaled.jpg 1920w\" sizes=\"auto, (max-width: 768px) 100vw, 768px\" \/>\t\t\t\t\t\t\t\t\t\t\t\t\t\t\t<\/div>\n\t\t\t\t<\/div>\n\t\t\t\t<div class=\"elementor-element elementor-element-90eaf9b elementor-widget elementor-widget-heading\" data-id=\"90eaf9b\" data-element_type=\"widget\" data-widget_type=\"heading.default\">\n\t\t\t\t<div class=\"elementor-widget-container\">\n\t\t\t<h3 class=\"elementor-heading-title elementor-size-default\">Combinaison des Activit\u00e9s\n\n<\/h3>\t\t<\/div>\n\t\t\t\t<\/div>\n\t\t\t\t<div class=\"elementor-element elementor-element-321cf9e elementor-widget elementor-widget-text-editor\" data-id=\"321cf9e\" data-element_type=\"widget\" data-widget_type=\"text-editor.default\">\n\t\t\t\t<div class=\"elementor-widget-container\">\n\t\t\t\t\t\t\t<p>Consid\u00e9rez la possibilit\u00e9 de combiner les activit\u00e9s de mani\u00e8re cr\u00e9ative. Par exemple, planifiez une journ\u00e9e o\u00f9 vous faites du quad le matin et passez l&rsquo;apr\u00e8s-midi dans un spa luxueux. Ou organisez une journ\u00e9e compl\u00e8te avec un pique-nique sur une plage isol\u00e9e accessible uniquement en quad. <a href=\"https:\/\/blog.fuertehoteles.com\/fr\/destinations\/playa-marbella-vacaciones\/\">Ici<\/a> vous retrouverez un guide des meilleures plages de Marbella.\u00a0<\/p>\t\t\t\t\t\t<\/div>\n\t\t\t\t<\/div>\n\t\t\t\t<div class=\"elementor-element elementor-element-055317a elementor-widget elementor-widget-text-editor\" data-id=\"055317a\" data-element_type=\"widget\" data-widget_type=\"text-editor.default\">\n\t\t\t\t<div class=\"elementor-widget-container\">\n\t\t\t\t\t\t\t<p>Lire aussi : <a href=\"https:\/\/quad-marbella.es\/fr\/conseils-essentiels-pour-les-debutants-en-quad-explorez-marbella-avec-notre-entreprise-certifiee\/\"><strong>Pourquoi Notre Excursion en Quad est un Must \u00e0 Marbella en Toute Saison<\/strong><\/a><\/p>\t\t\t\t\t\t<\/div>\n\t\t\t\t<\/div>\n\t\t\t\t\t<\/div>\n\t\t<\/div>\n\t\t\t\t\t\t\t<\/div>\n\t\t<\/section>\n\t\t\t\t<section data-particle_enable=\"false\" data-particle-mobile-disabled=\"false\" class=\"elementor-section elementor-top-section elementor-element elementor-element-9cb6bac elementor-section-boxed elementor-section-height-default elementor-section-height-default\" data-id=\"9cb6bac\" data-element_type=\"section\" data-settings=\"{&quot;background_background&quot;:&quot;gradient&quot;}\">\n\t\t\t\t\t\t<div class=\"elementor-container elementor-column-gap-default\">\n\t\t\t\t\t<div class=\"elementor-column elementor-col-100 elementor-top-column elementor-element elementor-element-5052c21\" data-id=\"5052c21\" data-element_type=\"column\">\n\t\t\t<div class=\"elementor-widget-wrap elementor-element-populated\">\n\t\t\t\t\t\t\t\t<div class=\"elementor-element elementor-element-3c6c506 elementor-widget elementor-widget-text-editor\" data-id=\"3c6c506\" data-element_type=\"widget\" data-widget_type=\"text-editor.default\">\n\t\t\t\t<div class=\"elementor-widget-container\">\n\t\t\t\t\t\t\t<div class=\"elementor-element elementor-element-1b89543 elementor-widget elementor-widget-heading\" data-id=\"1b89543\" data-element_type=\"widget\" data-widget_type=\"heading.default\"><div class=\"elementor-widget-container\"><h3 class=\"elementor-heading-title elementor-size-default\"><span style=\"color: #000000;\"><img loading=\"lazy\" decoding=\"async\" class=\"alignleft size-thumbnail wp-image-2721\" src=\"https:\/\/quad-marbella.es\/wp-content\/uploads\/2024\/05\/Design-sans-titre-5-150x150.png\" alt=\"\" width=\"150\" height=\"150\" srcset=\"https:\/\/quad-marbella.es\/wp-content\/uploads\/2024\/05\/Design-sans-titre-5-150x150.png 150w, https:\/\/quad-marbella.es\/wp-content\/uploads\/2024\/05\/Design-sans-titre-5-300x300.png 300w, https:\/\/quad-marbella.es\/wp-content\/uploads\/2024\/05\/Design-sans-titre-5-100x100.png 100w\" sizes=\"auto, (max-width: 150px) 100vw, 150px\" \/><\/span><\/h3><p>Nous contacter<\/p><p>Chez Quad Marbella, nous nous engageons \u00e0 vous faire vivre des exp\u00e9riences inoubliables en quad. Vous pouvez nous contacter directement via WhatsApp \u00e0 +34679484612. Suivez notre Instagram <a href=\"https:\/\/www.instagram.com\/quadmarbella\/\">@quadmarbella<\/a> pour des mises \u00e0 jour passionnantes, ou visitez notre site Web \u00e0 quad-marbella.com pour plus d&rsquo;informations sur nos excursions en quad. Nous sommes impatients de vous accueillir pour une aventure inoubliable \u00e0 Marbella.<\/p><h3 class=\"elementor-heading-title elementor-size-default\"><span style=\"color: #000000;\">\u00a0<\/span><\/h3><\/div><\/div>\t\t\t\t\t\t<\/div>\n\t\t\t\t<\/div>\n\t\t\t\t\t<\/div>\n\t\t<\/div>\n\t\t\t\t\t\t\t<\/div>\n\t\t<\/section>\n\t\t\t\t\t\t\t<\/div>\n\t\t","protected":false},"excerpt":{"rendered":"<p>Pourquoi Notre Excursion en Quad est un Must \u00e0 Marbella en Toute Saison Marbella, avec son m\u00e9lange s\u00e9duisant de plages relaxantes et de terrains accident\u00e9s, offre le cadre parfait pour des vacances qui combinent d\u00e9tente et aventure. Pour ceux qui cherchent \u00e0 maximiser \u00e0 la fois la tranquillit\u00e9 et l&rsquo;excitation, voici un guide pratique pour [&hellip;]<\/p>\n","protected":false},"author":3,"featured_media":3315,"comment_status":"closed","ping_status":"closed","sticky":false,"template":"","format":"standard","meta":{"footnotes":""},"categories":[46],"tags":[],"class_list":["post-3314","post","type-post","status-publish","format-standard","has-post-thumbnail","hentry","category-fr"],"yoast_head":"<!-- This site is optimized with the Yoast SEO Premium plugin v20.11 (Yoast SEO v20.11) - https:\/\/yoast.com\/wordpress\/plugins\/seo\/ -->\n<title>Guide pour Combiner D\u00e9tente et Aventure \u00e0 Marbella : Conseils pour une Exp\u00e9rience de Vacances Compl\u00e8te - Quad marbella<\/title>\n<meta name=\"description\" content=\"Planifiez le parfait \u00e9quilibre entre d\u00e9tente et aventure \u00e0 Marbella avec notre guide. D\u00e9couvrez comment combiner des journ\u00e9es \u00e0 la plage avec des excursions en quad pour des vacances inoubliables sur la Costa del Sol.\" \/>\n<meta name=\"robots\" content=\"index, follow, max-snippet:-1, max-image-preview:large, max-video-preview:-1\" \/>\n<link rel=\"canonical\" href=\"https:\/\/quad-marbella.es\/fr\/guide-pour-combiner-detente-et-aventure-a-marbella\/\" \/>\n<meta property=\"og:locale\" content=\"fr_FR\" \/>\n<meta property=\"og:type\" content=\"article\" \/>\n<meta property=\"og:title\" content=\"Guide pour Combiner D\u00e9tente et Aventure \u00e0 Marbella : Conseils pour une Exp\u00e9rience de Vacances Compl\u00e8te\" \/>\n<meta property=\"og:description\" content=\"Planifiez le parfait \u00e9quilibre entre d\u00e9tente et aventure \u00e0 Marbella avec notre guide. D\u00e9couvrez comment combiner des journ\u00e9es \u00e0 la plage avec des excursions en quad pour des vacances inoubliables sur la Costa del Sol.\" \/>\n<meta property=\"og:url\" content=\"https:\/\/quad-marbella.es\/fr\/guide-pour-combiner-detente-et-aventure-a-marbella\/\" \/>\n<meta property=\"og:site_name\" content=\"Quad marbella\" \/>\n<meta property=\"article:published_time\" content=\"2024-07-30T08:00:00+00:00\" \/>\n<meta property=\"article:modified_time\" content=\"2024-07-25T10:16:16+00:00\" \/>\n<meta property=\"og:image\" content=\"https:\/\/quad-marbella.es\/wp-content\/uploads\/2024\/07\/IMG_0884-2-scaled.jpg\" \/>\n\t<meta property=\"og:image:width\" content=\"2560\" \/>\n\t<meta property=\"og:image:height\" content=\"1920\" \/>\n\t<meta property=\"og:image:type\" content=\"image\/jpeg\" \/>\n<meta name=\"author\" content=\"M\u00e9lanie Bellini\" \/>\n<meta name=\"twitter:card\" content=\"summary_large_image\" \/>\n<meta name=\"twitter:label1\" content=\"\u00c9crit par\" \/>\n\t<meta name=\"twitter:data1\" content=\"M\u00e9lanie Bellini\" \/>\n\t<meta name=\"twitter:label2\" content=\"Dur\u00e9e de lecture estim\u00e9e\" \/>\n\t<meta name=\"twitter:data2\" content=\"4 minutes\" \/>\n<script type=\"application\/ld+json\" class=\"yoast-schema-graph\">{\"@context\":\"https:\/\/schema.org\",\"@graph\":[{\"@type\":\"Article\",\"@id\":\"https:\/\/quad-marbella.es\/fr\/guide-pour-combiner-detente-et-aventure-a-marbella\/#article\",\"isPartOf\":{\"@id\":\"https:\/\/quad-marbella.es\/fr\/guide-pour-combiner-detente-et-aventure-a-marbella\/\"},\"author\":{\"name\":\"M\u00e9lanie Bellini\",\"@id\":\"https:\/\/quad-marbella.es\/fr\/#\/schema\/person\/8759719a57935547de1b3370f3b36ce7\"},\"headline\":\"Guide pour Combiner D\u00e9tente et Aventure \u00e0 Marbella : Conseils pour une Exp\u00e9rience de Vacances Compl\u00e8te\",\"datePublished\":\"2024-07-30T08:00:00+00:00\",\"dateModified\":\"2024-07-25T10:16:16+00:00\",\"mainEntityOfPage\":{\"@id\":\"https:\/\/quad-marbella.es\/fr\/guide-pour-combiner-detente-et-aventure-a-marbella\/\"},\"wordCount\":517,\"publisher\":{\"@id\":\"https:\/\/quad-marbella.es\/fr\/#organization\"},\"articleSection\":[\"FR\"],\"inLanguage\":\"fr-FR\"},{\"@type\":\"WebPage\",\"@id\":\"https:\/\/quad-marbella.es\/fr\/guide-pour-combiner-detente-et-aventure-a-marbella\/\",\"url\":\"https:\/\/quad-marbella.es\/fr\/guide-pour-combiner-detente-et-aventure-a-marbella\/\",\"name\":\"Guide pour Combiner D\u00e9tente et Aventure \u00e0 Marbella : Conseils pour une Exp\u00e9rience de Vacances Compl\u00e8te - Quad marbella\",\"isPartOf\":{\"@id\":\"https:\/\/quad-marbella.es\/fr\/#website\"},\"datePublished\":\"2024-07-30T08:00:00+00:00\",\"dateModified\":\"2024-07-25T10:16:16+00:00\",\"description\":\"Planifiez le parfait \u00e9quilibre entre d\u00e9tente et aventure \u00e0 Marbella avec notre guide. D\u00e9couvrez comment combiner des journ\u00e9es \u00e0 la plage avec des excursions en quad pour des vacances inoubliables sur la Costa del Sol.\",\"breadcrumb\":{\"@id\":\"https:\/\/quad-marbella.es\/fr\/guide-pour-combiner-detente-et-aventure-a-marbella\/#breadcrumb\"},\"inLanguage\":\"fr-FR\",\"potentialAction\":[{\"@type\":\"ReadAction\",\"target\":[\"https:\/\/quad-marbella.es\/fr\/guide-pour-combiner-detente-et-aventure-a-marbella\/\"]}]},{\"@type\":\"BreadcrumbList\",\"@id\":\"https:\/\/quad-marbella.es\/fr\/guide-pour-combiner-detente-et-aventure-a-marbella\/#breadcrumb\",\"itemListElement\":[{\"@type\":\"ListItem\",\"position\":1,\"name\":\"Accueil\",\"item\":\"https:\/\/quad-marbella.es\/fr\/\"},{\"@type\":\"ListItem\",\"position\":2,\"name\":\"Guide pour Combiner D\u00e9tente et Aventure \u00e0 Marbella : Conseils pour une Exp\u00e9rience de Vacances Compl\u00e8te\"}]},{\"@type\":\"WebSite\",\"@id\":\"https:\/\/quad-marbella.es\/fr\/#website\",\"url\":\"https:\/\/quad-marbella.es\/fr\/\",\"name\":\"Quad marbella\",\"description\":\"\",\"publisher\":{\"@id\":\"https:\/\/quad-marbella.es\/fr\/#organization\"},\"potentialAction\":[{\"@type\":\"SearchAction\",\"target\":{\"@type\":\"EntryPoint\",\"urlTemplate\":\"https:\/\/quad-marbella.es\/fr\/?s={search_term_string}\"},\"query-input\":\"required name=search_term_string\"}],\"inLanguage\":\"fr-FR\"},{\"@type\":\"Organization\",\"@id\":\"https:\/\/quad-marbella.es\/fr\/#organization\",\"name\":\"Quad marbella\",\"url\":\"https:\/\/quad-marbella.es\/fr\/\",\"logo\":{\"@type\":\"ImageObject\",\"inLanguage\":\"fr-FR\",\"@id\":\"https:\/\/quad-marbella.es\/fr\/#\/schema\/logo\/image\/\",\"url\":\"https:\/\/quad-marbella.es\/wp-content\/uploads\/2022\/11\/logo-v1.png\",\"contentUrl\":\"https:\/\/quad-marbella.es\/wp-content\/uploads\/2022\/11\/logo-v1.png\",\"width\":568,\"height\":454,\"caption\":\"Quad marbella\"},\"image\":{\"@id\":\"https:\/\/quad-marbella.es\/fr\/#\/schema\/logo\/image\/\"},\"sameAs\":[\"https:\/\/www.instagram.com\/quadmarbella\/\"]},{\"@type\":\"Person\",\"@id\":\"https:\/\/quad-marbella.es\/fr\/#\/schema\/person\/8759719a57935547de1b3370f3b36ce7\",\"name\":\"M\u00e9lanie Bellini\",\"url\":\"https:\/\/quad-marbella.es\/fr\/author\/quadmaberlla\/\"}]}<\/script>\n<!-- \/ Yoast SEO Premium plugin. -->","yoast_head_json":{"title":"Guide pour Combiner D\u00e9tente et Aventure \u00e0 Marbella : Conseils pour une Exp\u00e9rience de Vacances Compl\u00e8te - Quad marbella","description":"Planifiez le parfait \u00e9quilibre entre d\u00e9tente et aventure \u00e0 Marbella avec notre guide. D\u00e9couvrez comment combiner des journ\u00e9es \u00e0 la plage avec des excursions en quad pour des vacances inoubliables sur la Costa del Sol.","robots":{"index":"index","follow":"follow","max-snippet":"max-snippet:-1","max-image-preview":"max-image-preview:large","max-video-preview":"max-video-preview:-1"},"canonical":"https:\/\/quad-marbella.es\/fr\/guide-pour-combiner-detente-et-aventure-a-marbella\/","og_locale":"fr_FR","og_type":"article","og_title":"Guide pour Combiner D\u00e9tente et Aventure \u00e0 Marbella : Conseils pour une Exp\u00e9rience de Vacances Compl\u00e8te","og_description":"Planifiez le parfait \u00e9quilibre entre d\u00e9tente et aventure \u00e0 Marbella avec notre guide. D\u00e9couvrez comment combiner des journ\u00e9es \u00e0 la plage avec des excursions en quad pour des vacances inoubliables sur la Costa del Sol.","og_url":"https:\/\/quad-marbella.es\/fr\/guide-pour-combiner-detente-et-aventure-a-marbella\/","og_site_name":"Quad marbella","article_published_time":"2024-07-30T08:00:00+00:00","article_modified_time":"2024-07-25T10:16:16+00:00","og_image":[{"width":2560,"height":1920,"url":"https:\/\/quad-marbella.es\/wp-content\/uploads\/2024\/07\/IMG_0884-2-scaled.jpg","type":"image\/jpeg"}],"author":"M\u00e9lanie Bellini","twitter_card":"summary_large_image","twitter_misc":{"\u00c9crit par":"M\u00e9lanie Bellini","Dur\u00e9e de lecture estim\u00e9e":"4 minutes"},"schema":{"@context":"https:\/\/schema.org","@graph":[{"@type":"Article","@id":"https:\/\/quad-marbella.es\/fr\/guide-pour-combiner-detente-et-aventure-a-marbella\/#article","isPartOf":{"@id":"https:\/\/quad-marbella.es\/fr\/guide-pour-combiner-detente-et-aventure-a-marbella\/"},"author":{"name":"M\u00e9lanie Bellini","@id":"https:\/\/quad-marbella.es\/fr\/#\/schema\/person\/8759719a57935547de1b3370f3b36ce7"},"headline":"Guide pour Combiner D\u00e9tente et Aventure \u00e0 Marbella : Conseils pour une Exp\u00e9rience de Vacances Compl\u00e8te","datePublished":"2024-07-30T08:00:00+00:00","dateModified":"2024-07-25T10:16:16+00:00","mainEntityOfPage":{"@id":"https:\/\/quad-marbella.es\/fr\/guide-pour-combiner-detente-et-aventure-a-marbella\/"},"wordCount":517,"publisher":{"@id":"https:\/\/quad-marbella.es\/fr\/#organization"},"articleSection":["FR"],"inLanguage":"fr-FR"},{"@type":"WebPage","@id":"https:\/\/quad-marbella.es\/fr\/guide-pour-combiner-detente-et-aventure-a-marbella\/","url":"https:\/\/quad-marbella.es\/fr\/guide-pour-combiner-detente-et-aventure-a-marbella\/","name":"Guide pour Combiner D\u00e9tente et Aventure \u00e0 Marbella : Conseils pour une Exp\u00e9rience de Vacances Compl\u00e8te - Quad marbella","isPartOf":{"@id":"https:\/\/quad-marbella.es\/fr\/#website"},"datePublished":"2024-07-30T08:00:00+00:00","dateModified":"2024-07-25T10:16:16+00:00","description":"Planifiez le parfait \u00e9quilibre entre d\u00e9tente et aventure \u00e0 Marbella avec notre guide. D\u00e9couvrez comment combiner des journ\u00e9es \u00e0 la plage avec des excursions en quad pour des vacances inoubliables sur la Costa del Sol.","breadcrumb":{"@id":"https:\/\/quad-marbella.es\/fr\/guide-pour-combiner-detente-et-aventure-a-marbella\/#breadcrumb"},"inLanguage":"fr-FR","potentialAction":[{"@type":"ReadAction","target":["https:\/\/quad-marbella.es\/fr\/guide-pour-combiner-detente-et-aventure-a-marbella\/"]}]},{"@type":"BreadcrumbList","@id":"https:\/\/quad-marbella.es\/fr\/guide-pour-combiner-detente-et-aventure-a-marbella\/#breadcrumb","itemListElement":[{"@type":"ListItem","position":1,"name":"Accueil","item":"https:\/\/quad-marbella.es\/fr\/"},{"@type":"ListItem","position":2,"name":"Guide pour Combiner D\u00e9tente et Aventure \u00e0 Marbella : Conseils pour une Exp\u00e9rience de Vacances Compl\u00e8te"}]},{"@type":"WebSite","@id":"https:\/\/quad-marbella.es\/fr\/#website","url":"https:\/\/quad-marbella.es\/fr\/","name":"Quad marbella","description":"","publisher":{"@id":"https:\/\/quad-marbella.es\/fr\/#organization"},"potentialAction":[{"@type":"SearchAction","target":{"@type":"EntryPoint","urlTemplate":"https:\/\/quad-marbella.es\/fr\/?s={search_term_string}"},"query-input":"required name=search_term_string"}],"inLanguage":"fr-FR"},{"@type":"Organization","@id":"https:\/\/quad-marbella.es\/fr\/#organization","name":"Quad marbella","url":"https:\/\/quad-marbella.es\/fr\/","logo":{"@type":"ImageObject","inLanguage":"fr-FR","@id":"https:\/\/quad-marbella.es\/fr\/#\/schema\/logo\/image\/","url":"https:\/\/quad-marbella.es\/wp-content\/uploads\/2022\/11\/logo-v1.png","contentUrl":"https:\/\/quad-marbella.es\/wp-content\/uploads\/2022\/11\/logo-v1.png","width":568,"height":454,"caption":"Quad marbella"},"image":{"@id":"https:\/\/quad-marbella.es\/fr\/#\/schema\/logo\/image\/"},"sameAs":["https:\/\/www.instagram.com\/quadmarbella\/"]},{"@type":"Person","@id":"https:\/\/quad-marbella.es\/fr\/#\/schema\/person\/8759719a57935547de1b3370f3b36ce7","name":"M\u00e9lanie Bellini","url":"https:\/\/quad-marbella.es\/fr\/author\/quadmaberlla\/"}]}},"_links":{"self":[{"href":"https:\/\/quad-marbella.es\/fr\/wp-json\/wp\/v2\/posts\/3314","targetHints":{"allow":["GET"]}}],"collection":[{"href":"https:\/\/quad-marbella.es\/fr\/wp-json\/wp\/v2\/posts"}],"about":[{"href":"https:\/\/quad-marbella.es\/fr\/wp-json\/wp\/v2\/types\/post"}],"author":[{"embeddable":true,"href":"https:\/\/quad-marbella.es\/fr\/wp-json\/wp\/v2\/users\/3"}],"replies":[{"embeddable":true,"href":"https:\/\/quad-marbella.es\/fr\/wp-json\/wp\/v2\/comments?post=3314"}],"version-history":[{"count":8,"href":"https:\/\/quad-marbella.es\/fr\/wp-json\/wp\/v2\/posts\/3314\/revisions"}],"predecessor-version":[{"id":3482,"href":"https:\/\/quad-marbella.es\/fr\/wp-json\/wp\/v2\/posts\/3314\/revisions\/3482"}],"wp:featuredmedia":[{"embeddable":true,"href":"https:\/\/quad-marbella.es\/fr\/wp-json\/wp\/v2\/media\/3315"}],"wp:attachment":[{"href":"https:\/\/quad-marbella.es\/fr\/wp-json\/wp\/v2\/media?parent=3314"}],"wp:term":[{"taxonomy":"category","embeddable":true,"href":"https:\/\/quad-marbella.es\/fr\/wp-json\/wp\/v2\/categories?post=3314"},{"taxonomy":"post_tag","embeddable":true,"href":"https:\/\/quad-marbella.es\/fr\/wp-json\/wp\/v2\/tags?post=3314"}],"curies":[{"name":"wp","href":"https:\/\/api.w.org\/{rel}","templated":true}]}}